{"id":10511,"date":"2016-06-18T22:00:46","date_gmt":"2016-06-18T22:00:46","guid":{"rendered":"http:\/\/www.cluberecreioinstrucao.com\/cri\/?p=10511"},"modified":"2016-09-16T09:51:51","modified_gmt":"2016-09-16T09:51:51","slug":"assembleia-geral-eleicao-dos-corpos-sociais-para-2016","status":"publish","type":"post","link":"http:\/\/www.cluberecreioinstrucao.com\/cri\/?p=10511","title":{"rendered":"Assembleia-Geral: Elei\u00e7\u00e3o dos Corpos Sociais para 2016"},"content":{"rendered":"<p><img decoding=\"async\" loading=\"lazy\" class=\"alignnone size-large wp-image-10512\" src=\"http:\/\/www.cluberecreioinstrucao.com\/cri\/wp-content\/uploads\/2016\/06\/2016.06.17-assembleia-p-eleicao-2016-1024x632.jpg\" alt=\"2016.06.17 assembleia p eleicao 2016\" width=\"560\" height=\"346\" srcset=\"http:\/\/www.cluberecreioinstrucao.com\/cri\/wp-content\/uploads\/2016\/06\/2016.06.17-assembleia-p-eleicao-2016-1024x632.jpg 1024w, http:\/\/www.cluberecreioinstrucao.com\/cri\/wp-content\/uploads\/2016\/06\/2016.06.17-assembleia-p-eleicao-2016-300x185.jpg 300w, http:\/\/www.cluberecreioinstrucao.com\/cri\/wp-content\/uploads\/2016\/06\/2016.06.17-assembleia-p-eleicao-2016-768x474.jpg 768w, http:\/\/www.cluberecreioinstrucao.com\/cri\/wp-content\/uploads\/2016\/06\/2016.06.17-assembleia-p-eleicao-2016-560x345.jpg 560w, http:\/\/www.cluberecreioinstrucao.com\/cri\/wp-content\/uploads\/2016\/06\/2016.06.17-assembleia-p-eleicao-2016-260x160.jpg 260w, http:\/\/www.cluberecreioinstrucao.com\/cri\/wp-content\/uploads\/2016\/06\/2016.06.17-assembleia-p-eleicao-2016-160x99.jpg 160w, http:\/\/www.cluberecreioinstrucao.com\/cri\/wp-content\/uploads\/2016\/06\/2016.06.17-assembleia-p-eleicao-2016.jpg 1986w\" sizes=\"(max-width: 560px) 100vw, 560px\" \/><\/p>\n<p>Os \u00d3rg\u00e3os Sociais do Clube Recreio e Instru\u00e7\u00e3o reuniram-se em Assembleia-Geral no dia 17 de junho de 2016 na sede para a Elei\u00e7\u00e3o dos Corpos Sociais para 2016. Foi apresentada uma lista, que foi aprovada por unanimidade.<\/p>\n<p>Poder\u00e1 consultar a lista, clicando <a href=\"http:\/\/www.cluberecreioinstrucao.com\/cri\/?page_id=9\">aqui<\/a><\/p>\n","protected":false},"excerpt":{"rendered":"<p>Os \u00d3rg\u00e3os Sociais do Clube Recreio e Instru\u00e7\u00e3o reuniram-se em Assembleia-Geral no dia 17 de junho de 2016 na sede para a Elei\u00e7\u00e3o dos Corpos Sociais para 2016. Foi apresentada uma lista, que foi aprovada por unanimidade. Poder\u00e1 consultar a lista, clicando aqui<\/p>\n","protected":false},"author":1,"featured_media":10512,"comment_status":"closed","ping_status":"closed","sticky":false,"template":"","format":"standard","meta":[],"categories":[23],"tags":[51],"views":440,"_links":{"self":[{"href":"http:\/\/www.cluberecreioinstrucao.com\/cri\/index.php?rest_route=\/wp\/v2\/posts\/10511"}],"collection":[{"href":"http:\/\/www.cluberecreioinstrucao.com\/cri\/index.php?rest_route=\/wp\/v2\/posts"}],"about":[{"href":"http:\/\/www.cluberecreioinstrucao.com\/cri\/index.php?rest_route=\/wp\/v2\/types\/post"}],"author":[{"embeddable":true,"href":"http:\/\/www.cluberecreioinstrucao.com\/cri\/index.php?rest_route=\/wp\/v2\/users\/1"}],"replies":[{"embeddable":true,"href":"http:\/\/www.cluberecreioinstrucao.com\/cri\/index.php?rest_route=%2Fwp%2Fv2%2Fcomments&post=10511"}],"version-history":[{"count":5,"href":"http:\/\/www.cluberecreioinstrucao.com\/cri\/index.php?rest_route=\/wp\/v2\/posts\/10511\/revisions"}],"predecessor-version":[{"id":10519,"href":"http:\/\/www.cluberecreioinstrucao.com\/cri\/index.php?rest_route=\/wp\/v2\/posts\/10511\/revisions\/10519"}],"wp:featuredmedia":[{"embeddable":true,"href":"http:\/\/www.cluberecreioinstrucao.com\/cri\/index.php?rest_route=\/wp\/v2\/media\/10512"}],"wp:attachment":[{"href":"http:\/\/www.cluberecreioinstrucao.com\/cri\/index.php?rest_route=%2Fwp%2Fv2%2Fmedia&parent=10511"}],"wp:term":[{"taxonomy":"category","embeddable":true,"href":"http:\/\/www.cluberecreioinstrucao.com\/cri\/index.php?rest_route=%2Fwp%2Fv2%2Fcategories&post=10511"},{"taxonomy":"post_tag","embeddable":true,"href":"http:\/\/www.cluberecreioinstrucao.com\/cri\/index.php?rest_route=%2Fwp%2Fv2%2Ftags&post=10511"}],"curies":[{"name":"wp","href":"https:\/\/api.w.org\/{rel}","templated":true}]}}