{"id":12062,"date":"2017-05-19T11:08:30","date_gmt":"2017-05-19T11:08:30","guid":{"rendered":"http:\/\/www.cluberecreioinstrucao.com\/cri\/?p=12062"},"modified":"2018-10-03T20:48:59","modified_gmt":"2018-10-03T20:48:59","slug":"o-cri-esteve-presente-na-feira-de-projectos-educativos-do-concelho-da-moita","status":"publish","type":"post","link":"http:\/\/www.cluberecreioinstrucao.com\/cri\/?p=12062","title":{"rendered":"O CRI esteve presente na Feira de Projectos Educativos do concelho da Moita"},"content":{"rendered":"<p>A XX edi\u00e7\u00e3o da Feira de Projectos Educativos do Concelho da Moita, decorreu no Pavilh\u00e3o Municipal de Exposi\u00e7\u00f5es, na Moita entre os dias 17 e 19 de maio de 2017.<br \/>\nO CRI esteve presente no espa\u00e7o do Movimento Associativo.<\/p>\n<p><img decoding=\"async\" loading=\"lazy\" class=\"alignnone wp-image-12063\" src=\"http:\/\/www.cluberecreioinstrucao.com\/cri\/wp-content\/uploads\/2017\/05\/18554938_939831139453046_1763331521_n-180x300.jpg\" alt=\"\" width=\"360\" height=\"600\" srcset=\"http:\/\/www.cluberecreioinstrucao.com\/cri\/wp-content\/uploads\/2017\/05\/18554938_939831139453046_1763331521_n-180x300.jpg 180w, http:\/\/www.cluberecreioinstrucao.com\/cri\/wp-content\/uploads\/2017\/05\/18554938_939831139453046_1763331521_n.jpg 576w\" sizes=\"(max-width: 360px) 100vw, 360px\" \/> <img decoding=\"async\" loading=\"lazy\" class=\"alignnone wp-image-12064\" src=\"http:\/\/www.cluberecreioinstrucao.com\/cri\/wp-content\/uploads\/2017\/05\/18578950_939831129453047_152014608_n-180x300.jpg\" alt=\"\" width=\"360\" height=\"600\" srcset=\"http:\/\/www.cluberecreioinstrucao.com\/cri\/wp-content\/uploads\/2017\/05\/18578950_939831129453047_152014608_n-180x300.jpg 180w, http:\/\/www.cluberecreioinstrucao.com\/cri\/wp-content\/uploads\/2017\/05\/18578950_939831129453047_152014608_n.jpg 576w\" sizes=\"(max-width: 360px) 100vw, 360px\" \/><\/p>\n","protected":false},"excerpt":{"rendered":"<p>A XX edi\u00e7\u00e3o da Feira de Projectos Educativos do Concelho da Moita, decorreu no Pavilh\u00e3o Municipal de Exposi\u00e7\u00f5es, na Moita entre os dias 17 e 19 de maio de 2017. O CRI esteve presente no espa\u00e7o do Movimento Associativo.<\/p>\n","protected":false},"author":1,"featured_media":12063,"comment_status":"closed","ping_status":"closed","sticky":false,"template":"","format":"standard","meta":[],"categories":[22],"tags":[],"views":402,"_links":{"self":[{"href":"http:\/\/www.cluberecreioinstrucao.com\/cri\/index.php?rest_route=\/wp\/v2\/posts\/12062"}],"collection":[{"href":"http:\/\/www.cluberecreioinstrucao.com\/cri\/index.php?rest_route=\/wp\/v2\/posts"}],"about":[{"href":"http:\/\/www.cluberecreioinstrucao.com\/cri\/index.php?rest_route=\/wp\/v2\/types\/post"}],"author":[{"embeddable":true,"href":"http:\/\/www.cluberecreioinstrucao.com\/cri\/index.php?rest_route=\/wp\/v2\/users\/1"}],"replies":[{"embeddable":true,"href":"http:\/\/www.cluberecreioinstrucao.com\/cri\/index.php?rest_route=%2Fwp%2Fv2%2Fcomments&post=12062"}],"version-history":[{"count":3,"href":"http:\/\/www.cluberecreioinstrucao.com\/cri\/index.php?rest_route=\/wp\/v2\/posts\/12062\/revisions"}],"predecessor-version":[{"id":12067,"href":"http:\/\/www.cluberecreioinstrucao.com\/cri\/index.php?rest_route=\/wp\/v2\/posts\/12062\/revisions\/12067"}],"wp:featuredmedia":[{"embeddable":true,"href":"http:\/\/www.cluberecreioinstrucao.com\/cri\/index.php?rest_route=\/wp\/v2\/media\/12063"}],"wp:attachment":[{"href":"http:\/\/www.cluberecreioinstrucao.com\/cri\/index.php?rest_route=%2Fwp%2Fv2%2Fmedia&parent=12062"}],"wp:term":[{"taxonomy":"category","embeddable":true,"href":"http:\/\/www.cluberecreioinstrucao.com\/cri\/index.php?rest_route=%2Fwp%2Fv2%2Fcategories&post=12062"},{"taxonomy":"post_tag","embeddable":true,"href":"http:\/\/www.cluberecreioinstrucao.com\/cri\/index.php?rest_route=%2Fwp%2Fv2%2Ftags&post=12062"}],"curies":[{"name":"wp","href":"https:\/\/api.w.org\/{rel}","templated":true}]}}