{"id":14228,"date":"2018-07-03T16:01:47","date_gmt":"2018-07-03T16:01:47","guid":{"rendered":"http:\/\/www.cluberecreioinstrucao.com\/cri\/?p=14228"},"modified":"2018-10-03T17:18:25","modified_gmt":"2018-10-03T17:18:25","slug":"cri-na-sessao-solene-no-dia-das-colectividades","status":"publish","type":"post","link":"http:\/\/www.cluberecreioinstrucao.com\/cri\/?p=14228","title":{"rendered":"CRI na Sess\u00e3o Solene no Dia das Colectividades"},"content":{"rendered":"<p><img decoding=\"async\" loading=\"lazy\" class=\"aligncenter size-full wp-image-14229\" src=\"http:\/\/www.cluberecreioinstrucao.com\/cri\/wp-content\/uploads\/2018\/07\/colectiivdades-2018.jpg\" alt=\"\" width=\"960\" height=\"720\" srcset=\"http:\/\/www.cluberecreioinstrucao.com\/cri\/wp-content\/uploads\/2018\/07\/colectiivdades-2018.jpg 960w, http:\/\/www.cluberecreioinstrucao.com\/cri\/wp-content\/uploads\/2018\/07\/colectiivdades-2018-300x225.jpg 300w, http:\/\/www.cluberecreioinstrucao.com\/cri\/wp-content\/uploads\/2018\/07\/colectiivdades-2018-768x576.jpg 768w, http:\/\/www.cluberecreioinstrucao.com\/cri\/wp-content\/uploads\/2018\/07\/colectiivdades-2018-128x96.jpg 128w, http:\/\/www.cluberecreioinstrucao.com\/cri\/wp-content\/uploads\/2018\/07\/colectiivdades-2018-32x24.jpg 32w, http:\/\/www.cluberecreioinstrucao.com\/cri\/wp-content\/uploads\/2018\/07\/colectiivdades-2018-100x75.jpg 100w, http:\/\/www.cluberecreioinstrucao.com\/cri\/wp-content\/uploads\/2018\/07\/colectiivdades-2018-50x38.jpg 50w, http:\/\/www.cluberecreioinstrucao.com\/cri\/wp-content\/uploads\/2018\/07\/colectiivdades-2018-25x19.jpg 25w\" sizes=\"(max-width: 960px) 100vw, 960px\" \/><\/p>\n<p>O Clube Recreio e Instru\u00e7\u00e3o esteve representado atrav\u00e9s do nosso Tesoureiro, Sr. Lu\u00eds Vinagre na Sess\u00e3o Solene do Dia das Colectividades da Freguesia de Alhos Vedros, que se realizou na sede do Grupo Recreativo Familiar no Bairro Gouveia.<\/p>\n","protected":false},"excerpt":{"rendered":"<p>O Clube Recreio e Instru\u00e7\u00e3o esteve representado atrav\u00e9s do nosso Tesoureiro, Sr. Lu\u00eds Vinagre na Sess\u00e3o Solene do Dia das Colectividades da Freguesia de Alhos Vedros, que se realizou na sede do Grupo Recreativo Familiar no Bairro Gouveia.<\/p>\n","protected":false},"author":1,"featured_media":14229,"comment_status":"closed","ping_status":"closed","sticky":false,"template":"","format":"standard","meta":[],"categories":[22],"tags":[],"views":394,"_links":{"self":[{"href":"http:\/\/www.cluberecreioinstrucao.com\/cri\/index.php?rest_route=\/wp\/v2\/posts\/14228"}],"collection":[{"href":"http:\/\/www.cluberecreioinstrucao.com\/cri\/index.php?rest_route=\/wp\/v2\/posts"}],"about":[{"href":"http:\/\/www.cluberecreioinstrucao.com\/cri\/index.php?rest_route=\/wp\/v2\/types\/post"}],"author":[{"embeddable":true,"href":"http:\/\/www.cluberecreioinstrucao.com\/cri\/index.php?rest_route=\/wp\/v2\/users\/1"}],"replies":[{"embeddable":true,"href":"http:\/\/www.cluberecreioinstrucao.com\/cri\/index.php?rest_route=%2Fwp%2Fv2%2Fcomments&post=14228"}],"version-history":[{"count":3,"href":"http:\/\/www.cluberecreioinstrucao.com\/cri\/index.php?rest_route=\/wp\/v2\/posts\/14228\/revisions"}],"predecessor-version":[{"id":14232,"href":"http:\/\/www.cluberecreioinstrucao.com\/cri\/index.php?rest_route=\/wp\/v2\/posts\/14228\/revisions\/14232"}],"wp:featuredmedia":[{"embeddable":true,"href":"http:\/\/www.cluberecreioinstrucao.com\/cri\/index.php?rest_route=\/wp\/v2\/media\/14229"}],"wp:attachment":[{"href":"http:\/\/www.cluberecreioinstrucao.com\/cri\/index.php?rest_route=%2Fwp%2Fv2%2Fmedia&parent=14228"}],"wp:term":[{"taxonomy":"category","embeddable":true,"href":"http:\/\/www.cluberecreioinstrucao.com\/cri\/index.php?rest_route=%2Fwp%2Fv2%2Fcategories&post=14228"},{"taxonomy":"post_tag","embeddable":true,"href":"http:\/\/www.cluberecreioinstrucao.com\/cri\/index.php?rest_route=%2Fwp%2Fv2%2Ftags&post=14228"}],"curies":[{"name":"wp","href":"https:\/\/api.w.org\/{rel}","templated":true}]}}