{"id":18724,"date":"2021-08-20T18:09:32","date_gmt":"2021-08-20T18:09:32","guid":{"rendered":"http:\/\/www.cluberecreioinstrucao.com\/cri\/?p=18724"},"modified":"2021-08-20T18:09:32","modified_gmt":"2021-08-20T18:09:32","slug":"balanco-final-da-epoca-2020-21-j-l-medeiros-coord-tecnico","status":"publish","type":"post","link":"http:\/\/www.cluberecreioinstrucao.com\/cri\/?p=18724","title":{"rendered":"Balan\u00e7o final da \u00c9poca 2020\/21: J. L. Medeiros (Coord. T\u00e9cnico)"},"content":{"rendered":"<p><img decoding=\"async\" loading=\"lazy\" class=\"aligncenter wp-image-18726 \" src=\"http:\/\/www.cluberecreioinstrucao.com\/cri\/wp-content\/uploads\/2021\/08\/medeiros-292x300.jpg\" alt=\"\" width=\"360\" height=\"370\" srcset=\"http:\/\/www.cluberecreioinstrucao.com\/cri\/wp-content\/uploads\/2021\/08\/medeiros-292x300.jpg 292w, http:\/\/www.cluberecreioinstrucao.com\/cri\/wp-content\/uploads\/2021\/08\/medeiros-997x1024.jpg 997w, http:\/\/www.cluberecreioinstrucao.com\/cri\/wp-content\/uploads\/2021\/08\/medeiros-768x789.jpg 768w, http:\/\/www.cluberecreioinstrucao.com\/cri\/wp-content\/uploads\/2021\/08\/medeiros-125x128.jpg 125w, http:\/\/www.cluberecreioinstrucao.com\/cri\/wp-content\/uploads\/2021\/08\/medeiros-32x32.jpg 32w, http:\/\/www.cluberecreioinstrucao.com\/cri\/wp-content\/uploads\/2021\/08\/medeiros-97x100.jpg 97w, http:\/\/www.cluberecreioinstrucao.com\/cri\/wp-content\/uploads\/2021\/08\/medeiros-50x50.jpg 50w, http:\/\/www.cluberecreioinstrucao.com\/cri\/wp-content\/uploads\/2021\/08\/medeiros-25x25.jpg 25w, http:\/\/www.cluberecreioinstrucao.com\/cri\/wp-content\/uploads\/2021\/08\/medeiros-990x1017.jpg 990w, http:\/\/www.cluberecreioinstrucao.com\/cri\/wp-content\/uploads\/2021\/08\/medeiros-300x308.jpg 300w, http:\/\/www.cluberecreioinstrucao.com\/cri\/wp-content\/uploads\/2021\/08\/medeiros.jpg 1280w\" sizes=\"(max-width: 360px) 100vw, 360px\" \/><\/p>\n<p><strong>Jos\u00e9 Lu\u00eds Medeiros &#8211; Coordenador T\u00e9cnico<\/strong><\/p>\n<p>Com o t\u00e9rmino da \u00e9poca desportiva, \u00e9 altura de fazer uma an\u00e1lise da mesma.<br \/>\nA \u00e9poca que agora termina foi afetada pela Pandemia que, infelizmente, tamb\u00e9m j\u00e1 tinha sido o motivo para que a anterior tivesse terminado de uma forma diferente do habitual.<br \/>\nQuando nos foi poss\u00edvel retomar os treinos, tivemos que o fazer com diversos condicionalismos o que s\u00f3 por si dificultou o trabalho que pretend\u00edamos realizar, mas isso n\u00e3o nos impediu de possibilitar que os atletas tivessem treinos, treinos esses mais virados para a vertente f\u00edsica. Com o agravamento da Pandemia, infelizmente, fomos obrigados a parar novamente. Atendendo a que os atletas estavam todos em casa em confinamento, opt\u00e1mos por realizar treinos online para tentarmos minimizar um pouco o sedentarismo dos mesmos.<br \/>\nQuando as Autoridades de Sa\u00fade nos permitiram retomar novamente os treinos presenciais, mesmo com os condicionalismos exigidos, conseguimos que bastantes atletas regressassem, n\u00e3o todos, pois, como \u00e9 compreens\u00edvel, alguns encarregados de educa\u00e7\u00e3o optaram por n\u00e3o permitir o regresso dos seus educandos.<\/p>\n<p>A Associa\u00e7\u00e3o de Futebol de Set\u00fabal criou nessa altura uma nova competi\u00e7\u00e3o denominada Ta\u00e7a Esperan\u00e7a Concelhia e resolvemos participar na mesma com quatro equipas.<br \/>\nA equipa de Benjamins-B (Sub-10) composta na sua grande maioria por atletas nascidos em 2012 e 2013 entraram nesta competi\u00e7\u00e3o com o objetivo de se irem adaptando ao futebol de 7, pois nunca tinham realizado jogos desse tipo e no final da competi\u00e7\u00e3o j\u00e1 foi not\u00f3ria a sua evolu\u00e7\u00e3o, pena foi que tivessem realizado t\u00e3o poucos jogos.<br \/>\nA equipa de Benjamins-A (Sub-11) deu continuidade ao que j\u00e1 vinha a realizar no torneio complementar da \u00e9poca transata, acabando por vencer o grupo onde estava inserida, com uma presta\u00e7\u00e3o muito positiva.<br \/>\nA equipa de Infantis (Sub-12 e 13) teve uma participa\u00e7\u00e3o muito positiva na competi\u00e7\u00e3o, acabando tamb\u00e9m por vencer o grupo onde estava inserida.<br \/>\nO escal\u00e3o de Iniciados (Sub-14 e 15) e Juvenis (Sub-16 e 17) participaram na competi\u00e7\u00e3o, inseridos no grupo dos Juvenis. De todas as nossa equipas que participaram nesta competi\u00e7\u00e3o foram os que sentiram mais dificuldades, o que \u00e9 natural, pois os poucos treinos que realizaram decorreram num campo de 7 e com a passagem para o campo de 11 revelaram-se todas as limita\u00e7\u00f5es inerentes ao facto de alguns jogadores praticamente nunca terem jogado futebol de 11, uma vez que a \u00e9poca anterior terminou bruscamente. No entanto, apesar de todos estes constrangimentos, foi poss\u00edvel constatar, com o decorrer dos jogos, que os atletas estavam a assimilar o que a equipa t\u00e9cnica lhes tinha transmitido.<br \/>\nQuanto aos nossos atletas mais jovens &#8211; os Petizes e os Traquinas &#8211; tamb\u00e9m realizaram o mesmo tipo de treinos que os mais velhos, mas como a Associa\u00e7\u00e3o n\u00e3o realizou nenhum encontro para estes escal\u00f5es, s\u00f3 realizaram dois jogos contra dois Clubes. Para al\u00e9m da alegria que os nossos atletas mais jovens tiveram por poderem jogar contra atletas de outros clubes, deu para tirar ila\u00e7\u00f5es muito positivas da sua presta\u00e7\u00e3o.<\/p>\n<p>No c\u00f4mputo geral, mesmo com todas as condicionantes, ainda conseguimos ter em atividade, aproximadamente, 100 atletas.<br \/>\nAproveito tamb\u00e9m para agradecer \u00e0 Dire\u00e7\u00e3o todo o esfor\u00e7o que tem feito para dar melhores condi\u00e7\u00f5es aos nossos atletas, e agora que, finalmente, vamos ter o nosso campo de futebol de 11, garantidamente, a nossa performance desportiva vai ser muito melhor.<br \/>\nA todos os Pais dos nossos atletas, agradecer a vossa colabora\u00e7\u00e3o com o Clube, da nossa parte tudo temos feito para que a aprendizagem dos vossos educandos seja cada vez melhor, para isso temos tido o cuidado de tentar trazer para o Clube Treinadores j\u00e1 com alguma experi\u00eancia, para que em conjunto com os que j\u00e1 estavam na casa possamos dar melhores condi\u00e7\u00f5es de aprendizagem aos vossos filhos.<br \/>\nComo \u00e9 do vosso conhecimento o CRI est\u00e1 numa fase de candidatura a Entidade Formadora da FPF e \u00e9 nesse sentido que vos solicito uma vez mais que na pr\u00f3xima \u00e9poca continuem a dar o vosso contributo para que o CRI continue a crescer e que continue a ser um Clube ESPECIAL.<br \/>\nNunca \u00e9 demais dizer um muito obrigado a todos, por me terem acolhido t\u00e3o bem nesta GRANDE FAMILIA e, acreditem, a minha for\u00e7a de vontade para continuar a contribuir com o meu trabalho para a evolu\u00e7\u00e3o do Clube Recreio e Instru\u00e7\u00e3o n\u00e3o tem limites.<\/p>\n<p>&nbsp;<\/p>\n<p>&nbsp;<\/p>\n<p>&nbsp;<\/p>\n<p>&nbsp;<\/p>\n","protected":false},"excerpt":{"rendered":"<p>Jos\u00e9 Lu\u00eds Medeiros &#8211; Coordenador T\u00e9cnico Com o t\u00e9rmino da \u00e9poca desportiva, \u00e9 altura de fazer uma an\u00e1lise da mesma. A \u00e9poca que agora termina foi afetada pela Pandemia que, infelizmente, tamb\u00e9m j\u00e1 tinha sido o motivo para que a anterior tivesse terminado de uma forma diferente do habitual. Quando nos foi poss\u00edvel retomar os [&hellip;]<\/p>\n","protected":false},"author":1,"featured_media":18726,"comment_status":"closed","ping_status":"closed","sticky":false,"template":"","format":"standard","meta":[],"categories":[6],"tags":[],"views":578,"_links":{"self":[{"href":"http:\/\/www.cluberecreioinstrucao.com\/cri\/index.php?rest_route=\/wp\/v2\/posts\/18724"}],"collection":[{"href":"http:\/\/www.cluberecreioinstrucao.com\/cri\/index.php?rest_route=\/wp\/v2\/posts"}],"about":[{"href":"http:\/\/www.cluberecreioinstrucao.com\/cri\/index.php?rest_route=\/wp\/v2\/types\/post"}],"author":[{"embeddable":true,"href":"http:\/\/www.cluberecreioinstrucao.com\/cri\/index.php?rest_route=\/wp\/v2\/users\/1"}],"replies":[{"embeddable":true,"href":"http:\/\/www.cluberecreioinstrucao.com\/cri\/index.php?rest_route=%2Fwp%2Fv2%2Fcomments&post=18724"}],"version-history":[{"count":1,"href":"http:\/\/www.cluberecreioinstrucao.com\/cri\/index.php?rest_route=\/wp\/v2\/posts\/18724\/revisions"}],"predecessor-version":[{"id":18727,"href":"http:\/\/www.cluberecreioinstrucao.com\/cri\/index.php?rest_route=\/wp\/v2\/posts\/18724\/revisions\/18727"}],"wp:featuredmedia":[{"embeddable":true,"href":"http:\/\/www.cluberecreioinstrucao.com\/cri\/index.php?rest_route=\/wp\/v2\/media\/18726"}],"wp:attachment":[{"href":"http:\/\/www.cluberecreioinstrucao.com\/cri\/index.php?rest_route=%2Fwp%2Fv2%2Fmedia&parent=18724"}],"wp:term":[{"taxonomy":"category","embeddable":true,"href":"http:\/\/www.cluberecreioinstrucao.com\/cri\/index.php?rest_route=%2Fwp%2Fv2%2Fcategories&post=18724"},{"taxonomy":"post_tag","embeddable":true,"href":"http:\/\/www.cluberecreioinstrucao.com\/cri\/index.php?rest_route=%2Fwp%2Fv2%2Ftags&post=18724"}],"curies":[{"name":"wp","href":"https:\/\/api.w.org\/{rel}","templated":true}]}}