{"id":6939,"date":"2009-06-04T23:06:59","date_gmt":"2009-06-04T23:06:59","guid":{"rendered":"http:\/\/www.cluberecreioinstrucao.com\/cri\/?p=6939"},"modified":"2021-07-29T15:53:34","modified_gmt":"2021-07-29T15:53:34","slug":"premios-200809","status":"publish","type":"post","link":"http:\/\/www.cluberecreioinstrucao.com\/cri\/?p=6939","title":{"rendered":"Pr\u00e9mios: \u00c9poca 2008\/09"},"content":{"rendered":"<p align=\"center\"><b> <span style=\"font-size: x-large;\">JOGADORES DO M\u00caS\/ANO<br \/>\n<\/span> <span style=\"font-size: large;\"><br \/>\n<\/span><\/b><img decoding=\"async\" loading=\"lazy\" class=\"aligncenter size-full wp-image-18636\" src=\"http:\/\/www.cluberecreioinstrucao.com\/cri\/wp-content\/uploads\/2009\/06\/premiofutjuv240x.jpg\" alt=\"\" width=\"240\" height=\"258\" srcset=\"http:\/\/www.cluberecreioinstrucao.com\/cri\/wp-content\/uploads\/2009\/06\/premiofutjuv240x.jpg 240w, http:\/\/www.cluberecreioinstrucao.com\/cri\/wp-content\/uploads\/2009\/06\/premiofutjuv240x-119x128.jpg 119w, http:\/\/www.cluberecreioinstrucao.com\/cri\/wp-content\/uploads\/2009\/06\/premiofutjuv240x-30x32.jpg 30w, http:\/\/www.cluberecreioinstrucao.com\/cri\/wp-content\/uploads\/2009\/06\/premiofutjuv240x-93x100.jpg 93w, http:\/\/www.cluberecreioinstrucao.com\/cri\/wp-content\/uploads\/2009\/06\/premiofutjuv240x-47x50.jpg 47w, http:\/\/www.cluberecreioinstrucao.com\/cri\/wp-content\/uploads\/2009\/06\/premiofutjuv240x-23x25.jpg 23w\" sizes=\"(max-width: 240px) 100vw, 240px\" \/><\/p>\n<p>Em Dezembro de 2008, o Clube Recreio e Instru\u00e7\u00e3o criou a men\u00e7\u00e3o honrosa \u201cFutebolista do M\u00eas\u201d. \u00c9 nossa inten\u00e7\u00e3o premiar de forma simb\u00f3lica e real\u00e7ar os comportamentos e atitudes dos nossos atletas mais dedicados, pretende-se distinguir aquele jogador que ao longo de cada m\u00eas evidencie grande dedica\u00e7\u00e3o \u00e0 pr\u00e1tica da modalidade, bem como revele o melhor esp\u00edrito desportivo em todas as actividades (jogos e\/ou treinos).<\/p>\n<p>Respeitamos e tratamos todos do mesmo modo e por isso n\u00e3o \u00e9 f\u00e1cil destacar algu\u00e9m, assim recorremos a crit\u00e9rios <b> t\u00e9cnico\/desportivos:<\/b> como por exemplo o desempenho e o desenvolvimento na aprendizagem e <b>comportamentais:<\/b> como atitude, dedica\u00e7\u00e3o, empenho, assiduidade, pontualidade e relacionamento com colegas e t\u00e9cnicos.<\/p>\n<p>Dividimos os premiados em dois grupos: <b>Futebol Infantil \/Inicia\u00e7\u00e3o<\/b> (escal\u00f5es de escolas e infantis) e de <b> Futebol Juvenil \/ Especializa\u00e7\u00e3o<\/b> (iniciados e juvenis).<\/p>\n<hr noshade=\"noshade\" size=\"20\" \/>\n<p align=\"center\"><span style=\"text-decoration: underline;\"><b><br \/>\nJOGADORES DO ANO 2008\/2009<\/b><\/span><\/p>\n<p align=\"center\"><b>Pr\u00e9-Escolas &#8211; Tiago Alexandre Lopes<br \/>\nEscolas C &#8211; Edgar Batista<br \/>\nEscolas B &#8211; Miguel Manhita<br \/>\nEscolas A &#8211; Jo\u00e3o Parreira<br \/>\nInfantis &#8211; Bruno Rom\u00e3o<br \/>\nIniciados &#8211; Jos\u00e9 Pedro<br \/>\nJuvenis &#8211; Miguel \u00c2ngelo Figueiredo<\/b><\/p>\n<div align=\"center\">\n<hr noshade=\"noshade\" size=\"5\" \/>\n<\/div>\n<div align=\"center\">\n<p align=\"center\"><b> <span style=\"font-size: medium;\"> [JOGADORES DO M\u00caS DE ABRIL DE 2009]<\/span><\/b><\/p>\n<\/div>\n<hr noshade=\"noshade\" size=\"5\" \/>\n<p align=\"center\"><b><br \/>\n<span style=\"font-size: small;\">Am\u00e2ndio Rami\u00e3o<\/span><span style=\"font-size: small;\"> (Juvenis) e Paulo Cruz (Escolas&#8221;C&#8221;)<\/span><\/b><\/p>\n<p align=\"center\"><img decoding=\"async\" loading=\"lazy\" class=\"wp-image-18639 size-medium alignnone\" src=\"http:\/\/www.cluberecreioinstrucao.com\/cri\/wp-content\/uploads\/2009\/06\/afonsoeirense0cri6ab-265x300.jpg\" alt=\"\" width=\"265\" height=\"300\" srcset=\"http:\/\/www.cluberecreioinstrucao.com\/cri\/wp-content\/uploads\/2009\/06\/afonsoeirense0cri6ab-265x300.jpg 265w, http:\/\/www.cluberecreioinstrucao.com\/cri\/wp-content\/uploads\/2009\/06\/afonsoeirense0cri6ab-113x128.jpg 113w, http:\/\/www.cluberecreioinstrucao.com\/cri\/wp-content\/uploads\/2009\/06\/afonsoeirense0cri6ab-28x32.jpg 28w, http:\/\/www.cluberecreioinstrucao.com\/cri\/wp-content\/uploads\/2009\/06\/afonsoeirense0cri6ab-88x100.jpg 88w, http:\/\/www.cluberecreioinstrucao.com\/cri\/wp-content\/uploads\/2009\/06\/afonsoeirense0cri6ab-44x50.jpg 44w, http:\/\/www.cluberecreioinstrucao.com\/cri\/wp-content\/uploads\/2009\/06\/afonsoeirense0cri6ab-22x25.jpg 22w, http:\/\/www.cluberecreioinstrucao.com\/cri\/wp-content\/uploads\/2009\/06\/afonsoeirense0cri6ab-300x339.jpg 300w, http:\/\/www.cluberecreioinstrucao.com\/cri\/wp-content\/uploads\/2009\/06\/afonsoeirense0cri6ab.jpg 640w\" sizes=\"(max-width: 265px) 100vw, 265px\" \/><img decoding=\"async\" loading=\"lazy\" class=\"wp-image-18641  alignnone\" src=\"http:\/\/www.cluberecreioinstrucao.com\/cri\/wp-content\/uploads\/2009\/06\/pcruz-300x277.jpg\" alt=\"\" width=\"324\" height=\"299\" srcset=\"http:\/\/www.cluberecreioinstrucao.com\/cri\/wp-content\/uploads\/2009\/06\/pcruz-300x277.jpg 300w, http:\/\/www.cluberecreioinstrucao.com\/cri\/wp-content\/uploads\/2009\/06\/pcruz-128x118.jpg 128w, http:\/\/www.cluberecreioinstrucao.com\/cri\/wp-content\/uploads\/2009\/06\/pcruz-32x30.jpg 32w, http:\/\/www.cluberecreioinstrucao.com\/cri\/wp-content\/uploads\/2009\/06\/pcruz-100x92.jpg 100w, http:\/\/www.cluberecreioinstrucao.com\/cri\/wp-content\/uploads\/2009\/06\/pcruz-50x46.jpg 50w, http:\/\/www.cluberecreioinstrucao.com\/cri\/wp-content\/uploads\/2009\/06\/pcruz-25x23.jpg 25w, http:\/\/www.cluberecreioinstrucao.com\/cri\/wp-content\/uploads\/2009\/06\/pcruz-324x300.jpg 324w, http:\/\/www.cluberecreioinstrucao.com\/cri\/wp-content\/uploads\/2009\/06\/pcruz.jpg 386w\" sizes=\"(max-width: 324px) 100vw, 324px\" \/><\/p>\n<div align=\"center\">\n<hr noshade=\"noshade\" size=\"5\" \/>\n<\/div>\n<div align=\"center\">\n<p align=\"center\"><b> <span style=\"font-size: medium;\"> [J<b>OGADORES DO M\u00caS DE MAR\u00c7O DE<\/b>\u00a02009]<\/span><\/b><\/p>\n<\/div>\n<hr noshade=\"noshade\" size=\"5\" \/>\n<p align=\"center\"><b><br \/>\n<span style=\"font-size: small;\">Pedro Gomes<\/span><span style=\"font-size: small;\"> (Infantis) e Bruno Lan\u00e7a (Iniciados)<\/span><\/b><\/p>\n<p align=\"center\"><img decoding=\"async\" loading=\"lazy\" class=\"wp-image-18643 size-medium alignnone\" src=\"http:\/\/www.cluberecreioinstrucao.com\/cri\/wp-content\/uploads\/2009\/06\/cri1barreirense7b-300x225.jpg\" alt=\"\" width=\"300\" height=\"225\" srcset=\"http:\/\/www.cluberecreioinstrucao.com\/cri\/wp-content\/uploads\/2009\/06\/cri1barreirense7b-300x225.jpg 300w, http:\/\/www.cluberecreioinstrucao.com\/cri\/wp-content\/uploads\/2009\/06\/cri1barreirense7b-128x96.jpg 128w, http:\/\/www.cluberecreioinstrucao.com\/cri\/wp-content\/uploads\/2009\/06\/cri1barreirense7b-32x24.jpg 32w, http:\/\/www.cluberecreioinstrucao.com\/cri\/wp-content\/uploads\/2009\/06\/cri1barreirense7b-100x75.jpg 100w, http:\/\/www.cluberecreioinstrucao.com\/cri\/wp-content\/uploads\/2009\/06\/cri1barreirense7b-50x38.jpg 50w, http:\/\/www.cluberecreioinstrucao.com\/cri\/wp-content\/uploads\/2009\/06\/cri1barreirense7b-25x19.jpg 25w, http:\/\/www.cluberecreioinstrucao.com\/cri\/wp-content\/uploads\/2009\/06\/cri1barreirense7b-74x55.jpg 74w, http:\/\/www.cluberecreioinstrucao.com\/cri\/wp-content\/uploads\/2009\/06\/cri1barreirense7b-111x83.jpg 111w, http:\/\/www.cluberecreioinstrucao.com\/cri\/wp-content\/uploads\/2009\/06\/cri1barreirense7b-215x161.jpg 215w, http:\/\/www.cluberecreioinstrucao.com\/cri\/wp-content\/uploads\/2009\/06\/cri1barreirense7b-400x300.jpg 400w, http:\/\/www.cluberecreioinstrucao.com\/cri\/wp-content\/uploads\/2009\/06\/cri1barreirense7b.jpg 640w\" sizes=\"(max-width: 300px) 100vw, 300px\" \/><img decoding=\"async\" loading=\"lazy\" class=\" wp-image-18644 alignnone\" src=\"http:\/\/www.cluberecreioinstrucao.com\/cri\/wp-content\/uploads\/2009\/06\/BL.jpg\" alt=\"\" width=\"191\" height=\"222\" srcset=\"http:\/\/www.cluberecreioinstrucao.com\/cri\/wp-content\/uploads\/2009\/06\/BL.jpg 150w, http:\/\/www.cluberecreioinstrucao.com\/cri\/wp-content\/uploads\/2009\/06\/BL-110x128.jpg 110w, http:\/\/www.cluberecreioinstrucao.com\/cri\/wp-content\/uploads\/2009\/06\/BL-28x32.jpg 28w, http:\/\/www.cluberecreioinstrucao.com\/cri\/wp-content\/uploads\/2009\/06\/BL-86x100.jpg 86w, http:\/\/www.cluberecreioinstrucao.com\/cri\/wp-content\/uploads\/2009\/06\/BL-43x50.jpg 43w, http:\/\/www.cluberecreioinstrucao.com\/cri\/wp-content\/uploads\/2009\/06\/BL-22x25.jpg 22w\" sizes=\"(max-width: 191px) 100vw, 191px\" \/><\/p>\n<div align=\"center\">\n<hr noshade=\"noshade\" size=\"5\" \/>\n<\/div>\n<div align=\"center\">\n<p align=\"center\"><b> <span style=\"font-size: medium;\"> [J<b>OGADORES DO M\u00caS DE\u00a0<\/b>FEVEREIRO DE 2009]<\/span><\/b><\/p>\n<\/div>\n<hr noshade=\"noshade\" size=\"5\" \/>\n<p align=\"center\"><b><br \/>\n<span style=\"font-size: small;\">Iuri Baltazar (Escolas &#8220;B&#8221;) e Miguel Figueiredo (Juvenis)<\/span><\/b><\/p>\n<p align=\"center\"><img decoding=\"async\" loading=\"lazy\" class=\"aligncenter size-full wp-image-18645\" src=\"http:\/\/www.cluberecreioinstrucao.com\/cri\/wp-content\/uploads\/2009\/06\/premiadosfev2009.jpg\" alt=\"\" width=\"637\" height=\"323\" srcset=\"http:\/\/www.cluberecreioinstrucao.com\/cri\/wp-content\/uploads\/2009\/06\/premiadosfev2009.jpg 637w, http:\/\/www.cluberecreioinstrucao.com\/cri\/wp-content\/uploads\/2009\/06\/premiadosfev2009-300x152.jpg 300w, http:\/\/www.cluberecreioinstrucao.com\/cri\/wp-content\/uploads\/2009\/06\/premiadosfev2009-128x65.jpg 128w, http:\/\/www.cluberecreioinstrucao.com\/cri\/wp-content\/uploads\/2009\/06\/premiadosfev2009-32x16.jpg 32w, http:\/\/www.cluberecreioinstrucao.com\/cri\/wp-content\/uploads\/2009\/06\/premiadosfev2009-100x51.jpg 100w, http:\/\/www.cluberecreioinstrucao.com\/cri\/wp-content\/uploads\/2009\/06\/premiadosfev2009-50x25.jpg 50w, http:\/\/www.cluberecreioinstrucao.com\/cri\/wp-content\/uploads\/2009\/06\/premiadosfev2009-25x13.jpg 25w, http:\/\/www.cluberecreioinstrucao.com\/cri\/wp-content\/uploads\/2009\/06\/premiadosfev2009-592x300.jpg 592w\" sizes=\"(max-width: 637px) 100vw, 637px\" \/><\/p>\n<div align=\"center\">\n<hr noshade=\"noshade\" size=\"5\" \/>\n<\/div>\n<div align=\"center\">\n<p align=\"center\"><b> <span style=\"font-size: medium;\"> [J<b>OGADORES DO M\u00caS DE JANEIRO DE<\/b>\u00a02009]<\/span><\/b><\/p>\n<\/div>\n<hr noshade=\"noshade\" size=\"5\" \/>\n<p align=\"center\"><b><br \/>\n<span style=\"font-size: small;\">Lu\u00eds Trevas (Iniciados) e Leonardo Isidro (Infantis)<\/span><\/b><\/p>\n<p align=\"center\"><img decoding=\"async\" loading=\"lazy\" class=\"size-full wp-image-18647 alignnone\" src=\"http:\/\/www.cluberecreioinstrucao.com\/cri\/wp-content\/uploads\/2009\/06\/luistrevas.jpg\" alt=\"\" width=\"200\" height=\"368\" srcset=\"http:\/\/www.cluberecreioinstrucao.com\/cri\/wp-content\/uploads\/2009\/06\/luistrevas.jpg 200w, http:\/\/www.cluberecreioinstrucao.com\/cri\/wp-content\/uploads\/2009\/06\/luistrevas-163x300.jpg 163w, http:\/\/www.cluberecreioinstrucao.com\/cri\/wp-content\/uploads\/2009\/06\/luistrevas-70x128.jpg 70w, http:\/\/www.cluberecreioinstrucao.com\/cri\/wp-content\/uploads\/2009\/06\/luistrevas-17x32.jpg 17w, http:\/\/www.cluberecreioinstrucao.com\/cri\/wp-content\/uploads\/2009\/06\/luistrevas-54x100.jpg 54w, http:\/\/www.cluberecreioinstrucao.com\/cri\/wp-content\/uploads\/2009\/06\/luistrevas-27x50.jpg 27w, http:\/\/www.cluberecreioinstrucao.com\/cri\/wp-content\/uploads\/2009\/06\/luistrevas-14x25.jpg 14w\" sizes=\"(max-width: 200px) 100vw, 200px\" \/><img decoding=\"async\" loading=\"lazy\" class=\"size-full wp-image-18648 alignnone\" src=\"http:\/\/www.cluberecreioinstrucao.com\/cri\/wp-content\/uploads\/2009\/06\/isidro.jpg\" alt=\"\" width=\"200\" height=\"370\" srcset=\"http:\/\/www.cluberecreioinstrucao.com\/cri\/wp-content\/uploads\/2009\/06\/isidro.jpg 200w, http:\/\/www.cluberecreioinstrucao.com\/cri\/wp-content\/uploads\/2009\/06\/isidro-162x300.jpg 162w, http:\/\/www.cluberecreioinstrucao.com\/cri\/wp-content\/uploads\/2009\/06\/isidro-69x128.jpg 69w, http:\/\/www.cluberecreioinstrucao.com\/cri\/wp-content\/uploads\/2009\/06\/isidro-17x32.jpg 17w, http:\/\/www.cluberecreioinstrucao.com\/cri\/wp-content\/uploads\/2009\/06\/isidro-54x100.jpg 54w, http:\/\/www.cluberecreioinstrucao.com\/cri\/wp-content\/uploads\/2009\/06\/isidro-27x50.jpg 27w, http:\/\/www.cluberecreioinstrucao.com\/cri\/wp-content\/uploads\/2009\/06\/isidro-14x25.jpg 14w\" sizes=\"(max-width: 200px) 100vw, 200px\" \/><\/p>\n<p align=\"center\"><span style=\"font-size: small;\">Lu\u00eds Trevas\u00a0\u00a0\u00a0\u00a0\u00a0\u00a0\u00a0\u00a0\u00a0\u00a0\u00a0\u00a0\u00a0\u00a0\u00a0\u00a0\u00a0\u00a0\u00a0 Leonardo Isidro<\/span><\/p>\n<hr noshade=\"noshade\" size=\"5\" \/>\n<div align=\"center\">\n<hr noshade=\"noshade\" size=\"5\" \/>\n<\/div>\n<p align=\"center\"><b> <span style=\"font-size: medium;\"> [J<b>OGADORES DO M\u00caS DE\u00a0<\/b>DEZEMBRO DE 2008]<\/span><\/b><\/p>\n<hr noshade=\"noshade\" size=\"5\" \/>\n<p align=\"center\"><b> <span style=\"font-size: small;\">Paulo Richard Ramalhoso (Juvenis) e Andr\u00e9 Lino (Escolas \u201cA\u201d)<\/span><\/b><\/p>\n<p align=\"center\"><img decoding=\"async\" loading=\"lazy\" class=\" wp-image-18649 alignnone\" src=\"http:\/\/www.cluberecreioinstrucao.com\/cri\/wp-content\/uploads\/2009\/06\/jogadormesdez2008a.jpg\" alt=\"\" width=\"387\" height=\"290\" srcset=\"http:\/\/www.cluberecreioinstrucao.com\/cri\/wp-content\/uploads\/2009\/06\/jogadormesdez2008a.jpg 480w, http:\/\/www.cluberecreioinstrucao.com\/cri\/wp-content\/uploads\/2009\/06\/jogadormesdez2008a-300x225.jpg 300w, http:\/\/www.cluberecreioinstrucao.com\/cri\/wp-content\/uploads\/2009\/06\/jogadormesdez2008a-128x96.jpg 128w, http:\/\/www.cluberecreioinstrucao.com\/cri\/wp-content\/uploads\/2009\/06\/jogadormesdez2008a-32x24.jpg 32w, http:\/\/www.cluberecreioinstrucao.com\/cri\/wp-content\/uploads\/2009\/06\/jogadormesdez2008a-100x75.jpg 100w, http:\/\/www.cluberecreioinstrucao.com\/cri\/wp-content\/uploads\/2009\/06\/jogadormesdez2008a-50x38.jpg 50w, http:\/\/www.cluberecreioinstrucao.com\/cri\/wp-content\/uploads\/2009\/06\/jogadormesdez2008a-25x19.jpg 25w, http:\/\/www.cluberecreioinstrucao.com\/cri\/wp-content\/uploads\/2009\/06\/jogadormesdez2008a-74x55.jpg 74w, http:\/\/www.cluberecreioinstrucao.com\/cri\/wp-content\/uploads\/2009\/06\/jogadormesdez2008a-111x83.jpg 111w, http:\/\/www.cluberecreioinstrucao.com\/cri\/wp-content\/uploads\/2009\/06\/jogadormesdez2008a-215x161.jpg 215w, http:\/\/www.cluberecreioinstrucao.com\/cri\/wp-content\/uploads\/2009\/06\/jogadormesdez2008a-400x300.jpg 400w\" sizes=\"(max-width: 387px) 100vw, 387px\" \/><img decoding=\"async\" loading=\"lazy\" class=\" wp-image-18650 alignnone\" src=\"http:\/\/www.cluberecreioinstrucao.com\/cri\/wp-content\/uploads\/2009\/06\/cri0barreirense5j.jpg\" alt=\"\" width=\"497\" height=\"281\" srcset=\"http:\/\/www.cluberecreioinstrucao.com\/cri\/wp-content\/uploads\/2009\/06\/cri0barreirense5j.jpg 640w, http:\/\/www.cluberecreioinstrucao.com\/cri\/wp-content\/uploads\/2009\/06\/cri0barreirense5j-300x170.jpg 300w, http:\/\/www.cluberecreioinstrucao.com\/cri\/wp-content\/uploads\/2009\/06\/cri0barreirense5j-128x72.jpg 128w, http:\/\/www.cluberecreioinstrucao.com\/cri\/wp-content\/uploads\/2009\/06\/cri0barreirense5j-32x18.jpg 32w, http:\/\/www.cluberecreioinstrucao.com\/cri\/wp-content\/uploads\/2009\/06\/cri0barreirense5j-100x57.jpg 100w, http:\/\/www.cluberecreioinstrucao.com\/cri\/wp-content\/uploads\/2009\/06\/cri0barreirense5j-50x28.jpg 50w, http:\/\/www.cluberecreioinstrucao.com\/cri\/wp-content\/uploads\/2009\/06\/cri0barreirense5j-25x14.jpg 25w, http:\/\/www.cluberecreioinstrucao.com\/cri\/wp-content\/uploads\/2009\/06\/cri0barreirense5j-530x300.jpg 530w\" sizes=\"(max-width: 497px) 100vw, 497px\" \/><\/p>\n<p align=\"center\"><span style=\"font-size: small;\">Foto 1: 11\/01\/2009 Entrega do Pr\u00e9mio a Paulo Richard, pelo Presidente (Artur Gouveia) e Director Desportivo (Jos\u00e9 Elias)<\/span><\/p>\n<p align=\"center\"><span style=\"font-size: small;\">Fotos 2: Andr\u00e9 Lino (com a bola)<\/span><\/p>\n<p>&nbsp;<\/p>\n","protected":false},"excerpt":{"rendered":"<p>JOGADORES DO M\u00caS\/ANO Em Dezembro de 2008, o Clube Recreio e Instru\u00e7\u00e3o criou a men\u00e7\u00e3o honrosa \u201cFutebolista do M\u00eas\u201d. \u00c9 nossa inten\u00e7\u00e3o premiar de forma simb\u00f3lica e real\u00e7ar os comportamentos e atitudes dos nossos atletas mais dedicados, pretende-se distinguir aquele jogador que ao longo de cada m\u00eas evidencie grande dedica\u00e7\u00e3o \u00e0 pr\u00e1tica da modalidade, bem [&hellip;]<\/p>\n","protected":false},"author":1,"featured_media":18636,"comment_status":"closed","ping_status":"closed","sticky":false,"template":"","format":"standard","meta":[],"categories":[22,118],"tags":[242],"views":510,"_links":{"self":[{"href":"http:\/\/www.cluberecreioinstrucao.com\/cri\/index.php?rest_route=\/wp\/v2\/posts\/6939"}],"collection":[{"href":"http:\/\/www.cluberecreioinstrucao.com\/cri\/index.php?rest_route=\/wp\/v2\/posts"}],"about":[{"href":"http:\/\/www.cluberecreioinstrucao.com\/cri\/index.php?rest_route=\/wp\/v2\/types\/post"}],"author":[{"embeddable":true,"href":"http:\/\/www.cluberecreioinstrucao.com\/cri\/index.php?rest_route=\/wp\/v2\/users\/1"}],"replies":[{"embeddable":true,"href":"http:\/\/www.cluberecreioinstrucao.com\/cri\/index.php?rest_route=%2Fwp%2Fv2%2Fcomments&post=6939"}],"version-history":[{"count":8,"href":"http:\/\/www.cluberecreioinstrucao.com\/cri\/index.php?rest_route=\/wp\/v2\/posts\/6939\/revisions"}],"predecessor-version":[{"id":18651,"href":"http:\/\/www.cluberecreioinstrucao.com\/cri\/index.php?rest_route=\/wp\/v2\/posts\/6939\/revisions\/18651"}],"wp:featuredmedia":[{"embeddable":true,"href":"http:\/\/www.cluberecreioinstrucao.com\/cri\/index.php?rest_route=\/wp\/v2\/media\/18636"}],"wp:attachment":[{"href":"http:\/\/www.cluberecreioinstrucao.com\/cri\/index.php?rest_route=%2Fwp%2Fv2%2Fmedia&parent=6939"}],"wp:term":[{"taxonomy":"category","embeddable":true,"href":"http:\/\/www.cluberecreioinstrucao.com\/cri\/index.php?rest_route=%2Fwp%2Fv2%2Fcategories&post=6939"},{"taxonomy":"post_tag","embeddable":true,"href":"http:\/\/www.cluberecreioinstrucao.com\/cri\/index.php?rest_route=%2Fwp%2Fv2%2Ftags&post=6939"}],"curies":[{"name":"wp","href":"https:\/\/api.w.org\/{rel}","templated":true}]}}