{"id":7512,"date":"2011-02-18T06:50:06","date_gmt":"2011-02-18T06:50:06","guid":{"rendered":"http:\/\/www.cluberecreioinstrucao.com\/cri\/?p=7512"},"modified":"2018-03-16T17:38:59","modified_gmt":"2018-03-16T17:38:59","slug":"juniores-198485","status":"publish","type":"post","link":"http:\/\/www.cluberecreioinstrucao.com\/cri\/?p=7512","title":{"rendered":"Equipa de Juniores 1984\/85"},"content":{"rendered":"<p><img decoding=\"async\" loading=\"lazy\" class=\"alignnone size-full wp-image-7513\" src=\"http:\/\/www.cluberecreioinstrucao.com\/cri\/wp-content\/uploads\/2014\/10\/juniores84-85.jpg\" alt=\"juniores84-85\" width=\"1920\" height=\"1218\" srcset=\"http:\/\/www.cluberecreioinstrucao.com\/cri\/wp-content\/uploads\/2014\/10\/juniores84-85.jpg 1920w, http:\/\/www.cluberecreioinstrucao.com\/cri\/wp-content\/uploads\/2014\/10\/juniores84-85-300x190.jpg 300w, http:\/\/www.cluberecreioinstrucao.com\/cri\/wp-content\/uploads\/2014\/10\/juniores84-85-1024x649.jpg 1024w, http:\/\/www.cluberecreioinstrucao.com\/cri\/wp-content\/uploads\/2014\/10\/juniores84-85-560x355.jpg 560w, http:\/\/www.cluberecreioinstrucao.com\/cri\/wp-content\/uploads\/2014\/10\/juniores84-85-260x164.jpg 260w, http:\/\/www.cluberecreioinstrucao.com\/cri\/wp-content\/uploads\/2014\/10\/juniores84-85-160x101.jpg 160w\" sizes=\"(max-width: 1920px) 100vw, 1920px\" \/><\/p>\n<p>Foto: Jo\u00e3o C\u00e9sar Valente e V\u00edtor Soares<\/p>\n<p>Equipa de Juniores na \u00e9poca 1984\/85 &#8211; 2\u00aa Divis\u00e3o da A.F.Set\u00fabal<br \/>\nEm cima, da esquerda para a direita: Joaquim Raminhos (Treinador), Carlos, Vitor Real (Vitinha), Lopes, Jo\u00e3o Santos, Rui Estrada, Z\u00e9, Filipe, Sousa e Lister Viegas (Tr.Adjunto).<br \/>\nEm baixo, Alexandre Cap\u00e3o, Joaquim Lopes, Manuel Gra\u00fado, Rog\u00e9rio Fatia, Jo\u00e3o C\u00e9sar Valente, Paulo(?) e\u00a0V\u00edtor Soares.<\/p>\n","protected":false},"excerpt":{"rendered":"<p>Foto: Jo\u00e3o C\u00e9sar Valente e V\u00edtor Soares Equipa de Juniores na \u00e9poca 1984\/85 &#8211; 2\u00aa Divis\u00e3o da A.F.Set\u00fabal Em cima, da esquerda para a direita: Joaquim Raminhos (Treinador), Carlos, Vitor Real (Vitinha), Lopes, Jo\u00e3o Santos, Rui Estrada, Z\u00e9, Filipe, Sousa e Lister Viegas (Tr.Adjunto). Em baixo, Alexandre Cap\u00e3o, Joaquim Lopes, Manuel Gra\u00fado, Rog\u00e9rio Fatia, Jo\u00e3o [&hellip;]<\/p>\n","protected":false},"author":1,"featured_media":7513,"comment_status":"closed","ping_status":"closed","sticky":false,"template":"","format":"standard","meta":[],"categories":[157],"tags":[104],"views":454,"_links":{"self":[{"href":"http:\/\/www.cluberecreioinstrucao.com\/cri\/index.php?rest_route=\/wp\/v2\/posts\/7512"}],"collection":[{"href":"http:\/\/www.cluberecreioinstrucao.com\/cri\/index.php?rest_route=\/wp\/v2\/posts"}],"about":[{"href":"http:\/\/www.cluberecreioinstrucao.com\/cri\/index.php?rest_route=\/wp\/v2\/types\/post"}],"author":[{"embeddable":true,"href":"http:\/\/www.cluberecreioinstrucao.com\/cri\/index.php?rest_route=\/wp\/v2\/users\/1"}],"replies":[{"embeddable":true,"href":"http:\/\/www.cluberecreioinstrucao.com\/cri\/index.php?rest_route=%2Fwp%2Fv2%2Fcomments&post=7512"}],"version-history":[{"count":2,"href":"http:\/\/www.cluberecreioinstrucao.com\/cri\/index.php?rest_route=\/wp\/v2\/posts\/7512\/revisions"}],"predecessor-version":[{"id":13498,"href":"http:\/\/www.cluberecreioinstrucao.com\/cri\/index.php?rest_route=\/wp\/v2\/posts\/7512\/revisions\/13498"}],"wp:featuredmedia":[{"embeddable":true,"href":"http:\/\/www.cluberecreioinstrucao.com\/cri\/index.php?rest_route=\/wp\/v2\/media\/7513"}],"wp:attachment":[{"href":"http:\/\/www.cluberecreioinstrucao.com\/cri\/index.php?rest_route=%2Fwp%2Fv2%2Fmedia&parent=7512"}],"wp:term":[{"taxonomy":"category","embeddable":true,"href":"http:\/\/www.cluberecreioinstrucao.com\/cri\/index.php?rest_route=%2Fwp%2Fv2%2Fcategories&post=7512"},{"taxonomy":"post_tag","embeddable":true,"href":"http:\/\/www.cluberecreioinstrucao.com\/cri\/index.php?rest_route=%2Fwp%2Fv2%2Ftags&post=7512"}],"curies":[{"name":"wp","href":"https:\/\/api.w.org\/{rel}","templated":true}]}}